{"id":946,"date":"2018-03-05T14:39:27","date_gmt":"2018-03-05T12:39:27","guid":{"rendered":"fr.areas.com\/?p=946"},"modified":"2019-10-25T10:57:05","modified_gmt":"2019-10-25T08:57:05","slug":"areas-devient-le-premier-operateur-commercial-de-laeroport-de-barcelone","status":"publish","type":"post","link":"https:\/\/fr.areas.com\/fr\/presse\/areas-devient-le-premier-operateur-commercial-de-laeroport-de-barcelone\/","title":{"rendered":"Areas devient le premier op\u00e9rateur commercial de l&rsquo;a\u00e9roport de Barcelone"},"content":{"rendered":"<p>&nbsp;<\/p>\n<p>La gestion de ces 15 nouveaux points de vente r\u00e9partis sur les deux terminaux sur une surface totale de plus de 6 200 m<sup>2<\/sup>\u00a0repr\u00e9sente environ 500 millions d\u2019euros de chiffre d\u2019affaires sur les huit ann\u00e9es de ce contrat.<\/p>\n<p>La nouvelle offre de restauration comprend de nombreux concepts, avec des marques locales telles que Bold\u00fa et Javier de las Muelas, des marques de renomm\u00e9e internationale telles que Burger King, Exki, La Place et PAUL, des marques en propre d\u2019Areas pl\u00e9biscit\u00e9es par les consommateurs comme Deli&amp;Cia et COMO, et d&rsquo;autres marques nationales qui sont devenues des valeurs s\u00fbres dans d&rsquo;autres a\u00e9roports espagnols telles que SantaGloria, MasQMenos et Dots Bakery. \u00c0 cette offre de restauration s\u2019ajoute un large choix de boutiques, avec des sp\u00e9cialistes de l&rsquo;alimentation comme Sibarium Delicatessen, Farga et Wonkandy, et de prestigieuses marques de mode et de sport telles qu&rsquo;Adolfo Dom\u00ednguez et Adidas.<\/p>\n<p>Pedro Fontana, directeur g\u00e9n\u00e9ral adjoint d&rsquo;Elior Group et directeur g\u00e9n\u00e9ral concession monde, souligne : \u00ab<em>\u00a0Avec ce nouveau contrat, Areas se positionne comme le principal op\u00e9rateur commercial d&rsquo;un des a\u00e9roports les plus en vue \u00e0 l&rsquo;\u00e9chelle internationale et renforce sa place de leader en Espagne. C&rsquo;est un succ\u00e8s particulier pour nous puisqu&rsquo;il arrive justement l&rsquo;ann\u00e9e des 50 ans de notre soci\u00e9t\u00e9, de surcro\u00eet \u00e0 Barcelone, la ville o\u00f9 Areas a \u00e9t\u00e9 fond\u00e9e il y a un demi-si\u00e8cle\u00a0<\/em>\u00bb.<\/p>\n<p>Pour Oscar Vela, directeur g\u00e9n\u00e9ral d&rsquo;Areas pour l&rsquo;Espagne, le Portugal et l&rsquo;Am\u00e9rique latine, \u00ab\u00a0<em>l&rsquo;attribution de ce contrat r\u00e9compense un projet commercial ambitieux qui repose sur plusieurs fondamentaux. Tout d&rsquo;abord, doter chaque a\u00e9roport d&rsquo;une identit\u00e9 gastronomique : \u00e0 Barcelone, pr\u00e8s de la moiti\u00e9 de nos marques sont d\u2019origine locale. Ensuite, inclure dans nos offres des concepts innovants pour surprendre les voyageurs. Gr\u00e2ce \u00e0 Areas, Exki et La Place feront leur premi\u00e8re apparition en Espagne et seront id\u00e9alement situ\u00e9es dans les deux terminaux d\u2019El Prat. Important aussi, nous positionner comme leader sur le segment du fast food avec Burger King. Enfin, d\u00e9velopper des marques en propre con\u00e7ues par nos \u00e9quipes pour les voyageurs. Ainsi, nous ouvrirons Deli&amp;Cia, notre grab &amp; go sain, et notre restaurant COMO. Nous voulons faire de l&rsquo;a\u00e9roport de Barcelone la vitrine de nos meilleurs savoir-faire\u00a0<\/em>\u00bb.<\/p>\n","protected":false},"excerpt":{"rendered":"<p>&nbsp; La gestion de ces 15 nouveaux points de vente r\u00e9partis sur les deux terminaux sur une surface totale de plus de 6 200 m2\u00a0repr\u00e9sente environ 500 millions d\u2019euros de chiffre d\u2019affaires ","protected":false},"author":2,"featured_media":1266,"comment_status":"open","ping_status":"open","sticky":false,"template":"","format":"standard","meta":[],"categories":[28,1],"tags":[],"acf":[],"yoast_head":"<!-- This site is optimized with the Yoast SEO plugin v17.6 - https:\/\/yoast.com\/wordpress\/plugins\/seo\/ -->\n<title>Areas devient le premier op\u00e9rateur commercial de l&#039;a\u00e9roport de Barcelone - Areas | France<\/title>\n<meta name=\"robots\" content=\"index, follow, max-snippet:-1, max-image-preview:large, max-video-preview:-1\" \/>\n<link rel=\"canonical\" href=\"https:\/\/fr.areas.com\/fr\/presse\/areas-devient-le-premier-operateur-commercial-de-laeroport-de-barcelone\/\" \/>\n<meta property=\"og:locale\" content=\"fr_FR\" \/>\n<meta property=\"og:type\" content=\"article\" \/>\n<meta property=\"og:title\" content=\"Areas devient le premier op\u00e9rateur commercial de l&#039;a\u00e9roport de Barcelone - Areas | France\" \/>\n<meta property=\"og:description\" content=\"&nbsp; La gestion de ces 15 nouveaux points de vente r\u00e9partis sur les deux terminaux sur une surface totale de plus de 6 200 m2\u00a0repr\u00e9sente environ 500 millions d\u2019euros de chiffre d\u2019affaires sur les huit ann\u00e9es de ce contrat. La nouvelle offre de restauration comprend de nombreux concepts, avec des marques locales telles que Bold\u00fa[...]\" \/>\n<meta property=\"og:url\" content=\"https:\/\/fr.areas.com\/fr\/presse\/areas-devient-le-premier-operateur-commercial-de-laeroport-de-barcelone\/\" \/>\n<meta property=\"og:site_name\" content=\"Areas | France\" \/>\n<meta property=\"article:published_time\" content=\"2018-03-05T12:39:27+00:00\" \/>\n<meta property=\"article:modified_time\" content=\"2019-10-25T08:57:05+00:00\" \/>\n<meta property=\"og:image\" content=\"https:\/\/fr.areas.com\/wp-content\/uploads\/sites\/4\/2018\/03\/Visuel-Barcelone-1024x352.jpg\" \/>\n\t<meta property=\"og:image:width\" content=\"1024\" \/>\n\t<meta property=\"og:image:height\" content=\"352\" \/>\n<meta name=\"twitter:card\" content=\"summary_large_image\" \/>\n<meta name=\"twitter:creator\" content=\"@areas_ES\" \/>\n<meta name=\"twitter:label1\" content=\"Written by\" \/>\n\t<meta name=\"twitter:data1\" content=\"elvira\" \/>\n\t<meta name=\"twitter:label2\" content=\"Est. reading time\" \/>\n\t<meta name=\"twitter:data2\" content=\"2 minutes\" \/>\n<script type=\"application\/ld+json\" class=\"yoast-schema-graph\">{\"@context\":\"https:\/\/schema.org\",\"@graph\":[{\"@type\":\"WebSite\",\"@id\":\"https:\/\/fr.areas.com\/fr\/#website\",\"url\":\"https:\/\/fr.areas.com\/fr\/\",\"name\":\"Areas | France\",\"description\":\"\",\"potentialAction\":[{\"@type\":\"SearchAction\",\"target\":{\"@type\":\"EntryPoint\",\"urlTemplate\":\"https:\/\/fr.areas.com\/fr\/?s={search_term_string}\"},\"query-input\":\"required name=search_term_string\"}],\"inLanguage\":\"fr-FR\"},{\"@type\":\"ImageObject\",\"@id\":\"https:\/\/fr.areas.com\/fr\/presse\/areas-devient-le-premier-operateur-commercial-de-laeroport-de-barcelone\/#primaryimage\",\"inLanguage\":\"fr-FR\",\"url\":\"https:\/\/fr.areas.com\/wp-content\/uploads\/sites\/4\/2018\/03\/Visuel-Barcelone.jpg\",\"contentUrl\":\"https:\/\/fr.areas.com\/wp-content\/uploads\/sites\/4\/2018\/03\/Visuel-Barcelone.jpg\",\"width\":4256,\"height\":1464},{\"@type\":\"WebPage\",\"@id\":\"https:\/\/fr.areas.com\/fr\/presse\/areas-devient-le-premier-operateur-commercial-de-laeroport-de-barcelone\/#webpage\",\"url\":\"https:\/\/fr.areas.com\/fr\/presse\/areas-devient-le-premier-operateur-commercial-de-laeroport-de-barcelone\/\",\"name\":\"Areas devient le premier op\\u00e9rateur commercial de l'a\\u00e9roport de Barcelone - Areas | France\",\"isPartOf\":{\"@id\":\"https:\/\/fr.areas.com\/fr\/#website\"},\"primaryImageOfPage\":{\"@id\":\"https:\/\/fr.areas.com\/fr\/presse\/areas-devient-le-premier-operateur-commercial-de-laeroport-de-barcelone\/#primaryimage\"},\"datePublished\":\"2018-03-05T12:39:27+00:00\",\"dateModified\":\"2019-10-25T08:57:05+00:00\",\"author\":{\"@id\":\"https:\/\/fr.areas.com\/fr\/#\/schema\/person\/0cbf077cea064f4e05abf400e4dda034\"},\"breadcrumb\":{\"@id\":\"https:\/\/fr.areas.com\/fr\/presse\/areas-devient-le-premier-operateur-commercial-de-laeroport-de-barcelone\/#breadcrumb\"},\"inLanguage\":\"fr-FR\",\"potentialAction\":[{\"@type\":\"ReadAction\",\"target\":[\"https:\/\/fr.areas.com\/fr\/presse\/areas-devient-le-premier-operateur-commercial-de-laeroport-de-barcelone\/\"]}]},{\"@type\":\"BreadcrumbList\",\"@id\":\"https:\/\/fr.areas.com\/fr\/presse\/areas-devient-le-premier-operateur-commercial-de-laeroport-de-barcelone\/#breadcrumb\",\"itemListElement\":[{\"@type\":\"ListItem\",\"position\":1,\"name\":\"Home\",\"item\":\"https:\/\/fr.areas.com\/fr\/\"},{\"@type\":\"ListItem\",\"position\":2,\"name\":\"Areas devient le premier op\\u00e9rateur commercial de l&#8217;a\\u00e9roport de Barcelone\"}]},{\"@type\":\"Person\",\"@id\":\"https:\/\/fr.areas.com\/fr\/#\/schema\/person\/0cbf077cea064f4e05abf400e4dda034\",\"name\":\"elvira\",\"image\":{\"@type\":\"ImageObject\",\"@id\":\"https:\/\/fr.areas.com\/fr\/#personlogo\",\"inLanguage\":\"fr-FR\",\"url\":\"https:\/\/secure.gravatar.com\/avatar\/1854ef9d4426f20554a3469d778275b7?s=96&d=mm&r=g\",\"contentUrl\":\"https:\/\/secure.gravatar.com\/avatar\/1854ef9d4426f20554a3469d778275b7?s=96&d=mm&r=g\",\"caption\":\"elvira\"},\"sameAs\":[\"https:\/\/twitter.com\/areas_ES\"]}]}<\/script>\n<!-- \/ Yoast SEO plugin. -->","yoast_head_json":{"title":"Areas devient le premier op\u00e9rateur commercial de l'a\u00e9roport de Barcelone - Areas | France","robots":{"index":"index","follow":"follow","max-snippet":"max-snippet:-1","max-image-preview":"max-image-preview:large","max-video-preview":"max-video-preview:-1"},"canonical":"https:\/\/fr.areas.com\/fr\/presse\/areas-devient-le-premier-operateur-commercial-de-laeroport-de-barcelone\/","og_locale":"fr_FR","og_type":"article","og_title":"Areas devient le premier op\u00e9rateur commercial de l'a\u00e9roport de Barcelone - Areas | France","og_description":"&nbsp; La gestion de ces 15 nouveaux points de vente r\u00e9partis sur les deux terminaux sur une surface totale de plus de 6 200 m2\u00a0repr\u00e9sente environ 500 millions d\u2019euros de chiffre d\u2019affaires sur les huit ann\u00e9es de ce contrat. La nouvelle offre de restauration comprend de nombreux concepts, avec des marques locales telles que Bold\u00fa[...]","og_url":"https:\/\/fr.areas.com\/fr\/presse\/areas-devient-le-premier-operateur-commercial-de-laeroport-de-barcelone\/","og_site_name":"Areas | France","article_published_time":"2018-03-05T12:39:27+00:00","article_modified_time":"2019-10-25T08:57:05+00:00","og_image":[{"width":1024,"height":352,"url":"https:\/\/fr.areas.com\/wp-content\/uploads\/sites\/4\/2018\/03\/Visuel-Barcelone-1024x352.jpg","type":"image\/jpeg"}],"twitter_card":"summary_large_image","twitter_creator":"@areas_ES","twitter_misc":{"Written by":"elvira","Est. reading time":"2 minutes"},"schema":{"@context":"https:\/\/schema.org","@graph":[{"@type":"WebSite","@id":"https:\/\/fr.areas.com\/fr\/#website","url":"https:\/\/fr.areas.com\/fr\/","name":"Areas | France","description":"","potentialAction":[{"@type":"SearchAction","target":{"@type":"EntryPoint","urlTemplate":"https:\/\/fr.areas.com\/fr\/?s={search_term_string}"},"query-input":"required name=search_term_string"}],"inLanguage":"fr-FR"},{"@type":"ImageObject","@id":"https:\/\/fr.areas.com\/fr\/presse\/areas-devient-le-premier-operateur-commercial-de-laeroport-de-barcelone\/#primaryimage","inLanguage":"fr-FR","url":"https:\/\/fr.areas.com\/wp-content\/uploads\/sites\/4\/2018\/03\/Visuel-Barcelone.jpg","contentUrl":"https:\/\/fr.areas.com\/wp-content\/uploads\/sites\/4\/2018\/03\/Visuel-Barcelone.jpg","width":4256,"height":1464},{"@type":"WebPage","@id":"https:\/\/fr.areas.com\/fr\/presse\/areas-devient-le-premier-operateur-commercial-de-laeroport-de-barcelone\/#webpage","url":"https:\/\/fr.areas.com\/fr\/presse\/areas-devient-le-premier-operateur-commercial-de-laeroport-de-barcelone\/","name":"Areas devient le premier op\u00e9rateur commercial de l'a\u00e9roport de Barcelone - Areas | France","isPartOf":{"@id":"https:\/\/fr.areas.com\/fr\/#website"},"primaryImageOfPage":{"@id":"https:\/\/fr.areas.com\/fr\/presse\/areas-devient-le-premier-operateur-commercial-de-laeroport-de-barcelone\/#primaryimage"},"datePublished":"2018-03-05T12:39:27+00:00","dateModified":"2019-10-25T08:57:05+00:00","author":{"@id":"https:\/\/fr.areas.com\/fr\/#\/schema\/person\/0cbf077cea064f4e05abf400e4dda034"},"breadcrumb":{"@id":"https:\/\/fr.areas.com\/fr\/presse\/areas-devient-le-premier-operateur-commercial-de-laeroport-de-barcelone\/#breadcrumb"},"inLanguage":"fr-FR","potentialAction":[{"@type":"ReadAction","target":["https:\/\/fr.areas.com\/fr\/presse\/areas-devient-le-premier-operateur-commercial-de-laeroport-de-barcelone\/"]}]},{"@type":"BreadcrumbList","@id":"https:\/\/fr.areas.com\/fr\/presse\/areas-devient-le-premier-operateur-commercial-de-laeroport-de-barcelone\/#breadcrumb","itemListElement":[{"@type":"ListItem","position":1,"name":"Home","item":"https:\/\/fr.areas.com\/fr\/"},{"@type":"ListItem","position":2,"name":"Areas devient le premier op\u00e9rateur commercial de l&#8217;a\u00e9roport de Barcelone"}]},{"@type":"Person","@id":"https:\/\/fr.areas.com\/fr\/#\/schema\/person\/0cbf077cea064f4e05abf400e4dda034","name":"elvira","image":{"@type":"ImageObject","@id":"https:\/\/fr.areas.com\/fr\/#personlogo","inLanguage":"fr-FR","url":"https:\/\/secure.gravatar.com\/avatar\/1854ef9d4426f20554a3469d778275b7?s=96&d=mm&r=g","contentUrl":"https:\/\/secure.gravatar.com\/avatar\/1854ef9d4426f20554a3469d778275b7?s=96&d=mm&r=g","caption":"elvira"},"sameAs":["https:\/\/twitter.com\/areas_ES"]}]}},"_links":{"self":[{"href":"https:\/\/fr.areas.com\/fr\/wp-json\/wp\/v2\/posts\/946"}],"collection":[{"href":"https:\/\/fr.areas.com\/fr\/wp-json\/wp\/v2\/posts"}],"about":[{"href":"https:\/\/fr.areas.com\/fr\/wp-json\/wp\/v2\/types\/post"}],"author":[{"embeddable":true,"href":"https:\/\/fr.areas.com\/fr\/wp-json\/wp\/v2\/users\/2"}],"replies":[{"embeddable":true,"href":"https:\/\/fr.areas.com\/fr\/wp-json\/wp\/v2\/comments?post=946"}],"version-history":[{"count":6,"href":"https:\/\/fr.areas.com\/fr\/wp-json\/wp\/v2\/posts\/946\/revisions"}],"predecessor-version":[{"id":1922,"href":"https:\/\/fr.areas.com\/fr\/wp-json\/wp\/v2\/posts\/946\/revisions\/1922"}],"wp:featuredmedia":[{"embeddable":true,"href":"https:\/\/fr.areas.com\/fr\/wp-json\/wp\/v2\/media\/1266"}],"wp:attachment":[{"href":"https:\/\/fr.areas.com\/fr\/wp-json\/wp\/v2\/media?parent=946"}],"wp:term":[{"taxonomy":"category","embeddable":true,"href":"https:\/\/fr.areas.com\/fr\/wp-json\/wp\/v2\/categories?post=946"},{"taxonomy":"post_tag","embeddable":true,"href":"https:\/\/fr.areas.com\/fr\/wp-json\/wp\/v2\/tags?post=946"}],"curies":[{"name":"wp","href":"https:\/\/api.w.org\/{rel}","templated":true}]}}