{"id":942,"date":"2018-03-21T14:22:40","date_gmt":"2018-03-21T12:22:40","guid":{"rendered":"fr.areas.com\/?p=942"},"modified":"2019-10-25T10:56:55","modified_gmt":"2019-10-25T08:56:55","slug":"areas-renouvelle-son-contrat-avec-la-fira-de-barcelona-pour-la-restauration-des-parcs-dexpositions-et-du-palais-des-congres","status":"publish","type":"post","link":"https:\/\/fr.areas.com\/fr\/presse\/ville-et-loisirs\/areas-renouvelle-son-contrat-avec-la-fira-de-barcelona-pour-la-restauration-des-parcs-dexpositions-et-du-palais-des-congres\/","title":{"rendered":"Areas renouvelle son contrat avec la Fira de Barcelona pour la restauration des parcs d\u2019expositions et du Palais des Congr\u00e8s"},"content":{"rendered":"<p>&nbsp;<\/p>\n<p>La nouvelle offre de restauration propos\u00e9e par Areas porte sur sept concepts comprenant des restaurants gastronomiques, des services traiteur et des marques de restauration rapide avec des offres de produits frais. Les visiteurs des salons pourront d\u00e9couvrir Deli&amp;Cia, la marque en propre de vente \u00e0 emporter d\u2019Areas ; La Pausa, un concept de cuisine de march\u00e9 ; Briciole, une boulangerie de qualit\u00e9 ; ainsi que la caf\u00e9t\u00e9ria Caffriccio, la cha\u00eene italienne Pizza\u2019n Co, le bar \u00e0 bi\u00e8res Buena Pinta et le restaurant gastronomique Saboramar. L&rsquo;offre comprend \u00e9galement les services d&rsquo;Antara, la marque d\u2019Areas d\u00e9di\u00e9e \u00e0 la restauration des visiteurs du Palais des Congr\u00e8s et des exposants.<\/p>\n<p>Avec ce renouvellement de contrat, Areas renforce sa position de partenaire historique en restauration de la Fira de Barcelona qu\u2019il accompagne depuis 12 ans. La Fira de Barcelona est l\u2019une des plus importantes institutions europ\u00e9ennes d\u2019organisation d\u2019\u00e9v\u00e9nements professionnels. \u00c0 ses c\u00f4t\u00e9s, Areas a assur\u00e9 la restauration de plus de 1 000 salons et congr\u00e8s, dont le prestigieux Mobile World Congress.<\/p>\n<p>Oscar Vela, directeur g\u00e9n\u00e9ral d&rsquo;Areas pour l&rsquo;Espagne, le Portugal et l&rsquo;Am\u00e9rique latine : \u00ab\u00a0<em>Nous sommes heureux de la relation de confiance qui nous unit aux \u00e9quipes de la Fira de Barcelona depuis 12 ans. Avec ce nouveau contrat, nous proposons une offre de restauration renouvel\u00e9e r\u00e9pondant aux sp\u00e9cificit\u00e9s des centres d\u2019expositions et permettant de r\u00e9inventer l\u2019exp\u00e9rience des visiteurs et exposants\u00a0<\/em>\u00bb.<\/p>\n","protected":false},"excerpt":{"rendered":"<p>&nbsp; La nouvelle offre de restauration propos\u00e9e par Areas porte sur sept concepts comprenant des restaurants gastronomiques, des services traiteur et des marques de restauration rapide avec des ","protected":false},"author":2,"featured_media":1262,"comment_status":"open","ping_status":"open","sticky":false,"template":"","format":"standard","meta":[],"categories":[1,11],"tags":[],"acf":[],"yoast_head":"<!-- This site is optimized with the Yoast SEO plugin v17.6 - https:\/\/yoast.com\/wordpress\/plugins\/seo\/ -->\n<title>Areas renouvelle son contrat avec la Fira de Barcelona pour la restauration des parcs d\u2019expositions et du Palais des Congr\u00e8s - Areas | France<\/title>\n<meta name=\"robots\" content=\"index, follow, max-snippet:-1, max-image-preview:large, max-video-preview:-1\" \/>\n<link rel=\"canonical\" href=\"https:\/\/fr.areas.com\/fr\/presse\/ville-et-loisirs\/areas-renouvelle-son-contrat-avec-la-fira-de-barcelona-pour-la-restauration-des-parcs-dexpositions-et-du-palais-des-congres\/\" \/>\n<meta property=\"og:locale\" content=\"fr_FR\" \/>\n<meta property=\"og:type\" content=\"article\" \/>\n<meta property=\"og:title\" content=\"Areas renouvelle son contrat avec la Fira de Barcelona pour la restauration des parcs d\u2019expositions et du Palais des Congr\u00e8s - Areas | France\" \/>\n<meta property=\"og:description\" content=\"&nbsp; La nouvelle offre de restauration propos\u00e9e par Areas porte sur sept concepts comprenant des restaurants gastronomiques, des services traiteur et des marques de restauration rapide avec des offres de produits frais. Les visiteurs des salons pourront d\u00e9couvrir Deli&amp;Cia, la marque en propre de vente \u00e0 emporter d\u2019Areas ; La Pausa, un concept de cuisine[...]\" \/>\n<meta property=\"og:url\" content=\"https:\/\/fr.areas.com\/fr\/presse\/ville-et-loisirs\/areas-renouvelle-son-contrat-avec-la-fira-de-barcelona-pour-la-restauration-des-parcs-dexpositions-et-du-palais-des-congres\/\" \/>\n<meta property=\"og:site_name\" content=\"Areas | France\" \/>\n<meta property=\"article:published_time\" content=\"2018-03-21T12:22:40+00:00\" \/>\n<meta property=\"article:modified_time\" content=\"2019-10-25T08:56:55+00:00\" \/>\n<meta property=\"og:image\" content=\"https:\/\/fr.areas.com\/wp-content\/uploads\/sites\/4\/2018\/03\/Visuel-Fira-Delicia-1024x512.jpg\" \/>\n\t<meta property=\"og:image:width\" content=\"1024\" \/>\n\t<meta property=\"og:image:height\" content=\"512\" \/>\n<meta name=\"twitter:card\" content=\"summary_large_image\" \/>\n<meta name=\"twitter:creator\" content=\"@areas_ES\" \/>\n<meta name=\"twitter:label1\" content=\"Written by\" \/>\n\t<meta name=\"twitter:data1\" content=\"elvira\" \/>\n\t<meta name=\"twitter:label2\" content=\"Est. reading time\" \/>\n\t<meta name=\"twitter:data2\" content=\"1 minute\" \/>\n<script type=\"application\/ld+json\" class=\"yoast-schema-graph\">{\"@context\":\"https:\/\/schema.org\",\"@graph\":[{\"@type\":\"WebSite\",\"@id\":\"https:\/\/fr.areas.com\/fr\/#website\",\"url\":\"https:\/\/fr.areas.com\/fr\/\",\"name\":\"Areas | France\",\"description\":\"\",\"potentialAction\":[{\"@type\":\"SearchAction\",\"target\":{\"@type\":\"EntryPoint\",\"urlTemplate\":\"https:\/\/fr.areas.com\/fr\/?s={search_term_string}\"},\"query-input\":\"required name=search_term_string\"}],\"inLanguage\":\"fr-FR\"},{\"@type\":\"ImageObject\",\"@id\":\"https:\/\/fr.areas.com\/fr\/presse\/ville-et-loisirs\/areas-renouvelle-son-contrat-avec-la-fira-de-barcelona-pour-la-restauration-des-parcs-dexpositions-et-du-palais-des-congres\/#primaryimage\",\"inLanguage\":\"fr-FR\",\"url\":\"https:\/\/fr.areas.com\/wp-content\/uploads\/sites\/4\/2018\/03\/Visuel-Fira-Delicia.jpg\",\"contentUrl\":\"https:\/\/fr.areas.com\/wp-content\/uploads\/sites\/4\/2018\/03\/Visuel-Fira-Delicia.jpg\",\"width\":4724,\"height\":2362},{\"@type\":\"WebPage\",\"@id\":\"https:\/\/fr.areas.com\/fr\/presse\/ville-et-loisirs\/areas-renouvelle-son-contrat-avec-la-fira-de-barcelona-pour-la-restauration-des-parcs-dexpositions-et-du-palais-des-congres\/#webpage\",\"url\":\"https:\/\/fr.areas.com\/fr\/presse\/ville-et-loisirs\/areas-renouvelle-son-contrat-avec-la-fira-de-barcelona-pour-la-restauration-des-parcs-dexpositions-et-du-palais-des-congres\/\",\"name\":\"Areas renouvelle son contrat avec la Fira de Barcelona pour la restauration des parcs d\\u2019expositions et du Palais des Congr\\u00e8s - Areas | France\",\"isPartOf\":{\"@id\":\"https:\/\/fr.areas.com\/fr\/#website\"},\"primaryImageOfPage\":{\"@id\":\"https:\/\/fr.areas.com\/fr\/presse\/ville-et-loisirs\/areas-renouvelle-son-contrat-avec-la-fira-de-barcelona-pour-la-restauration-des-parcs-dexpositions-et-du-palais-des-congres\/#primaryimage\"},\"datePublished\":\"2018-03-21T12:22:40+00:00\",\"dateModified\":\"2019-10-25T08:56:55+00:00\",\"author\":{\"@id\":\"https:\/\/fr.areas.com\/fr\/#\/schema\/person\/0cbf077cea064f4e05abf400e4dda034\"},\"breadcrumb\":{\"@id\":\"https:\/\/fr.areas.com\/fr\/presse\/ville-et-loisirs\/areas-renouvelle-son-contrat-avec-la-fira-de-barcelona-pour-la-restauration-des-parcs-dexpositions-et-du-palais-des-congres\/#breadcrumb\"},\"inLanguage\":\"fr-FR\",\"potentialAction\":[{\"@type\":\"ReadAction\",\"target\":[\"https:\/\/fr.areas.com\/fr\/presse\/ville-et-loisirs\/areas-renouvelle-son-contrat-avec-la-fira-de-barcelona-pour-la-restauration-des-parcs-dexpositions-et-du-palais-des-congres\/\"]}]},{\"@type\":\"BreadcrumbList\",\"@id\":\"https:\/\/fr.areas.com\/fr\/presse\/ville-et-loisirs\/areas-renouvelle-son-contrat-avec-la-fira-de-barcelona-pour-la-restauration-des-parcs-dexpositions-et-du-palais-des-congres\/#breadcrumb\",\"itemListElement\":[{\"@type\":\"ListItem\",\"position\":1,\"name\":\"Home\",\"item\":\"https:\/\/fr.areas.com\/fr\/\"},{\"@type\":\"ListItem\",\"position\":2,\"name\":\"Areas renouvelle son contrat avec la Fira de Barcelona pour la restauration des parcs d\\u2019expositions et du Palais des Congr\\u00e8s\"}]},{\"@type\":\"Person\",\"@id\":\"https:\/\/fr.areas.com\/fr\/#\/schema\/person\/0cbf077cea064f4e05abf400e4dda034\",\"name\":\"elvira\",\"image\":{\"@type\":\"ImageObject\",\"@id\":\"https:\/\/fr.areas.com\/fr\/#personlogo\",\"inLanguage\":\"fr-FR\",\"url\":\"https:\/\/secure.gravatar.com\/avatar\/1854ef9d4426f20554a3469d778275b7?s=96&d=mm&r=g\",\"contentUrl\":\"https:\/\/secure.gravatar.com\/avatar\/1854ef9d4426f20554a3469d778275b7?s=96&d=mm&r=g\",\"caption\":\"elvira\"},\"sameAs\":[\"https:\/\/twitter.com\/areas_ES\"]}]}<\/script>\n<!-- \/ Yoast SEO plugin. -->","yoast_head_json":{"title":"Areas renouvelle son contrat avec la Fira de Barcelona pour la restauration des parcs d\u2019expositions et du Palais des Congr\u00e8s - Areas | France","robots":{"index":"index","follow":"follow","max-snippet":"max-snippet:-1","max-image-preview":"max-image-preview:large","max-video-preview":"max-video-preview:-1"},"canonical":"https:\/\/fr.areas.com\/fr\/presse\/ville-et-loisirs\/areas-renouvelle-son-contrat-avec-la-fira-de-barcelona-pour-la-restauration-des-parcs-dexpositions-et-du-palais-des-congres\/","og_locale":"fr_FR","og_type":"article","og_title":"Areas renouvelle son contrat avec la Fira de Barcelona pour la restauration des parcs d\u2019expositions et du Palais des Congr\u00e8s - Areas | France","og_description":"&nbsp; La nouvelle offre de restauration propos\u00e9e par Areas porte sur sept concepts comprenant des restaurants gastronomiques, des services traiteur et des marques de restauration rapide avec des offres de produits frais. Les visiteurs des salons pourront d\u00e9couvrir Deli&amp;Cia, la marque en propre de vente \u00e0 emporter d\u2019Areas ; La Pausa, un concept de cuisine[...]","og_url":"https:\/\/fr.areas.com\/fr\/presse\/ville-et-loisirs\/areas-renouvelle-son-contrat-avec-la-fira-de-barcelona-pour-la-restauration-des-parcs-dexpositions-et-du-palais-des-congres\/","og_site_name":"Areas | France","article_published_time":"2018-03-21T12:22:40+00:00","article_modified_time":"2019-10-25T08:56:55+00:00","og_image":[{"width":1024,"height":512,"url":"https:\/\/fr.areas.com\/wp-content\/uploads\/sites\/4\/2018\/03\/Visuel-Fira-Delicia-1024x512.jpg","type":"image\/jpeg"}],"twitter_card":"summary_large_image","twitter_creator":"@areas_ES","twitter_misc":{"Written by":"elvira","Est. reading time":"1 minute"},"schema":{"@context":"https:\/\/schema.org","@graph":[{"@type":"WebSite","@id":"https:\/\/fr.areas.com\/fr\/#website","url":"https:\/\/fr.areas.com\/fr\/","name":"Areas | France","description":"","potentialAction":[{"@type":"SearchAction","target":{"@type":"EntryPoint","urlTemplate":"https:\/\/fr.areas.com\/fr\/?s={search_term_string}"},"query-input":"required name=search_term_string"}],"inLanguage":"fr-FR"},{"@type":"ImageObject","@id":"https:\/\/fr.areas.com\/fr\/presse\/ville-et-loisirs\/areas-renouvelle-son-contrat-avec-la-fira-de-barcelona-pour-la-restauration-des-parcs-dexpositions-et-du-palais-des-congres\/#primaryimage","inLanguage":"fr-FR","url":"https:\/\/fr.areas.com\/wp-content\/uploads\/sites\/4\/2018\/03\/Visuel-Fira-Delicia.jpg","contentUrl":"https:\/\/fr.areas.com\/wp-content\/uploads\/sites\/4\/2018\/03\/Visuel-Fira-Delicia.jpg","width":4724,"height":2362},{"@type":"WebPage","@id":"https:\/\/fr.areas.com\/fr\/presse\/ville-et-loisirs\/areas-renouvelle-son-contrat-avec-la-fira-de-barcelona-pour-la-restauration-des-parcs-dexpositions-et-du-palais-des-congres\/#webpage","url":"https:\/\/fr.areas.com\/fr\/presse\/ville-et-loisirs\/areas-renouvelle-son-contrat-avec-la-fira-de-barcelona-pour-la-restauration-des-parcs-dexpositions-et-du-palais-des-congres\/","name":"Areas renouvelle son contrat avec la Fira de Barcelona pour la restauration des parcs d\u2019expositions et du Palais des Congr\u00e8s - Areas | France","isPartOf":{"@id":"https:\/\/fr.areas.com\/fr\/#website"},"primaryImageOfPage":{"@id":"https:\/\/fr.areas.com\/fr\/presse\/ville-et-loisirs\/areas-renouvelle-son-contrat-avec-la-fira-de-barcelona-pour-la-restauration-des-parcs-dexpositions-et-du-palais-des-congres\/#primaryimage"},"datePublished":"2018-03-21T12:22:40+00:00","dateModified":"2019-10-25T08:56:55+00:00","author":{"@id":"https:\/\/fr.areas.com\/fr\/#\/schema\/person\/0cbf077cea064f4e05abf400e4dda034"},"breadcrumb":{"@id":"https:\/\/fr.areas.com\/fr\/presse\/ville-et-loisirs\/areas-renouvelle-son-contrat-avec-la-fira-de-barcelona-pour-la-restauration-des-parcs-dexpositions-et-du-palais-des-congres\/#breadcrumb"},"inLanguage":"fr-FR","potentialAction":[{"@type":"ReadAction","target":["https:\/\/fr.areas.com\/fr\/presse\/ville-et-loisirs\/areas-renouvelle-son-contrat-avec-la-fira-de-barcelona-pour-la-restauration-des-parcs-dexpositions-et-du-palais-des-congres\/"]}]},{"@type":"BreadcrumbList","@id":"https:\/\/fr.areas.com\/fr\/presse\/ville-et-loisirs\/areas-renouvelle-son-contrat-avec-la-fira-de-barcelona-pour-la-restauration-des-parcs-dexpositions-et-du-palais-des-congres\/#breadcrumb","itemListElement":[{"@type":"ListItem","position":1,"name":"Home","item":"https:\/\/fr.areas.com\/fr\/"},{"@type":"ListItem","position":2,"name":"Areas renouvelle son contrat avec la Fira de Barcelona pour la restauration des parcs d\u2019expositions et du Palais des Congr\u00e8s"}]},{"@type":"Person","@id":"https:\/\/fr.areas.com\/fr\/#\/schema\/person\/0cbf077cea064f4e05abf400e4dda034","name":"elvira","image":{"@type":"ImageObject","@id":"https:\/\/fr.areas.com\/fr\/#personlogo","inLanguage":"fr-FR","url":"https:\/\/secure.gravatar.com\/avatar\/1854ef9d4426f20554a3469d778275b7?s=96&d=mm&r=g","contentUrl":"https:\/\/secure.gravatar.com\/avatar\/1854ef9d4426f20554a3469d778275b7?s=96&d=mm&r=g","caption":"elvira"},"sameAs":["https:\/\/twitter.com\/areas_ES"]}]}},"_links":{"self":[{"href":"https:\/\/fr.areas.com\/fr\/wp-json\/wp\/v2\/posts\/942"}],"collection":[{"href":"https:\/\/fr.areas.com\/fr\/wp-json\/wp\/v2\/posts"}],"about":[{"href":"https:\/\/fr.areas.com\/fr\/wp-json\/wp\/v2\/types\/post"}],"author":[{"embeddable":true,"href":"https:\/\/fr.areas.com\/fr\/wp-json\/wp\/v2\/users\/2"}],"replies":[{"embeddable":true,"href":"https:\/\/fr.areas.com\/fr\/wp-json\/wp\/v2\/comments?post=942"}],"version-history":[{"count":6,"href":"https:\/\/fr.areas.com\/fr\/wp-json\/wp\/v2\/posts\/942\/revisions"}],"predecessor-version":[{"id":1921,"href":"https:\/\/fr.areas.com\/fr\/wp-json\/wp\/v2\/posts\/942\/revisions\/1921"}],"wp:featuredmedia":[{"embeddable":true,"href":"https:\/\/fr.areas.com\/fr\/wp-json\/wp\/v2\/media\/1262"}],"wp:attachment":[{"href":"https:\/\/fr.areas.com\/fr\/wp-json\/wp\/v2\/media?parent=942"}],"wp:term":[{"taxonomy":"category","embeddable":true,"href":"https:\/\/fr.areas.com\/fr\/wp-json\/wp\/v2\/categories?post=942"},{"taxonomy":"post_tag","embeddable":true,"href":"https:\/\/fr.areas.com\/fr\/wp-json\/wp\/v2\/tags?post=942"}],"curies":[{"name":"wp","href":"https:\/\/api.w.org\/{rel}","templated":true}]}}