{"id":932,"date":"2018-03-29T13:27:40","date_gmt":"2018-03-29T11:27:40","guid":{"rendered":"fr.areas.com\/?p=932"},"modified":"2019-10-25T10:56:29","modified_gmt":"2019-10-25T08:56:29","slug":"areas-installe-le-concept-neerlandais-la-place-en-france","status":"publish","type":"post","link":"https:\/\/fr.areas.com\/fr\/presse\/areas-installe-le-concept-neerlandais-la-place-en-france\/","title":{"rendered":"Areas installe le concept n\u00e9erlandais La Place en France"},"content":{"rendered":"<p>&nbsp;<\/p>\n<p>Les Pays-Bas connaissent un fort engouement pour les produits frais et de saison. Avec plus de 250 emplacements dans les villes, les centres commerciaux, les gares, les a\u00e9roports, les parcs d\u2019exposition, et les installations sportives et r\u00e9cr\u00e9atives, La Place r\u00e9pond parfaitement aux aspirations de consommateurs de plus en plus attentifs \u00e0 la fra\u00eecheur, la naturalit\u00e9 et l\u2019authenticit\u00e9.<\/p>\n<p>Boissons chaudes, viennoiseries, p\u00e2tes, sandwichs, focaccias,\u00a0salades, grillades, snacks, desserts, smoothies et jus\u00a0: La Place propose une large gamme de produits dispos\u00e9s comme sur des \u00e9tals de march\u00e9 et pr\u00e9par\u00e9s devant les yeux du client.<\/p>\n<p>En choisissant la Place, Areas rel\u00e8ve le d\u00e9fi d\u2019installer dans l\u2019univers tr\u00e8s fr\u00e9quent\u00e9 des lieux de transports, une marque exigeant des savoir-faire tr\u00e8s sp\u00e9cifiques tant pour la pr\u00e9paration que pour le mode de service.<\/p>\n<p>Alexandre de Palmas, directeur g\u00e9n\u00e9ral d\u2019Areas en France et en Europe du Nord\u00a0: \u00ab\u00a0<em>Nous sommes heureux \u00a0de faire d\u00e9couvrir La Place \u00a0en France et de proposer ainsi une nouvelle alternative aux voyageurs en qu\u00eate de produits frais et de qualit\u00e9. Dans l\u2019univers du voyage, nous sommes en recherche de concepts de restauration uniques et atypiques que, gr\u00e2ce \u00e0 notre expertise, nous pouvons adapter aux contraintes et aux exigences des hubs de transport. Avec La Place, nous offrons aux voyageurs le luxe de s\u2019offir le temps de choisir et d\u2019observer la pr\u00e9paration de leur plat \u00a0\u00bb.<\/em><\/p>\n<p>Areas a accompagn\u00e9 les premiers pas de La Place sur le territoire fran\u00e7ais avec une enseigne en format kiosque \u00e0 la Gare du Nord, un restaurant au sein de Paris Expo Porte de Versailles, et un restaurant en Gare de l\u2019Est. En Espagne, Areas ouvrira bient\u00f4t deux nouvelles enseignes dans les a\u00e9roports de Madrid-Bajaras et Barcelone-El Prat.<\/p>\n","protected":false},"excerpt":{"rendered":"<p>&nbsp; Les Pays-Bas connaissent un fort engouement pour les produits frais et de saison. Avec plus de 250 emplacements dans les villes, les centres commerciaux, les gares, les a\u00e9roports, les parcs","protected":false},"author":2,"featured_media":0,"comment_status":"open","ping_status":"open","sticky":false,"template":"","format":"standard","meta":[],"categories":[10,1],"tags":[],"acf":[],"yoast_head":"<!-- This site is optimized with the Yoast SEO plugin v17.6 - https:\/\/yoast.com\/wordpress\/plugins\/seo\/ -->\n<title>Areas installe le concept n\u00e9erlandais La Place en France - Areas | France<\/title>\n<meta name=\"robots\" content=\"index, follow, max-snippet:-1, max-image-preview:large, max-video-preview:-1\" \/>\n<link rel=\"canonical\" href=\"https:\/\/fr.areas.com\/fr\/presse\/areas-installe-le-concept-neerlandais-la-place-en-france\/\" \/>\n<meta property=\"og:locale\" content=\"fr_FR\" \/>\n<meta property=\"og:type\" content=\"article\" \/>\n<meta property=\"og:title\" content=\"Areas installe le concept n\u00e9erlandais La Place en France - Areas | France\" \/>\n<meta property=\"og:description\" content=\"&nbsp; Les Pays-Bas connaissent un fort engouement pour les produits frais et de saison. Avec plus de 250 emplacements dans les villes, les centres commerciaux, les gares, les a\u00e9roports, les parcs d\u2019exposition, et les installations sportives et r\u00e9cr\u00e9atives, La Place r\u00e9pond parfaitement aux aspirations de consommateurs de plus en plus attentifs \u00e0 la fra\u00eecheur, la[...]\" \/>\n<meta property=\"og:url\" content=\"https:\/\/fr.areas.com\/fr\/presse\/areas-installe-le-concept-neerlandais-la-place-en-france\/\" \/>\n<meta property=\"og:site_name\" content=\"Areas | France\" \/>\n<meta property=\"article:published_time\" content=\"2018-03-29T11:27:40+00:00\" \/>\n<meta property=\"article:modified_time\" content=\"2019-10-25T08:56:29+00:00\" \/>\n<meta name=\"twitter:card\" content=\"summary_large_image\" \/>\n<meta name=\"twitter:creator\" content=\"@areas_ES\" \/>\n<meta name=\"twitter:label1\" content=\"Written by\" \/>\n\t<meta name=\"twitter:data1\" content=\"elvira\" \/>\n\t<meta name=\"twitter:label2\" content=\"Est. reading time\" \/>\n\t<meta name=\"twitter:data2\" content=\"2 minutes\" \/>\n<script type=\"application\/ld+json\" class=\"yoast-schema-graph\">{\"@context\":\"https:\/\/schema.org\",\"@graph\":[{\"@type\":\"WebSite\",\"@id\":\"https:\/\/fr.areas.com\/fr\/#website\",\"url\":\"https:\/\/fr.areas.com\/fr\/\",\"name\":\"Areas | France\",\"description\":\"\",\"potentialAction\":[{\"@type\":\"SearchAction\",\"target\":{\"@type\":\"EntryPoint\",\"urlTemplate\":\"https:\/\/fr.areas.com\/fr\/?s={search_term_string}\"},\"query-input\":\"required name=search_term_string\"}],\"inLanguage\":\"fr-FR\"},{\"@type\":\"WebPage\",\"@id\":\"https:\/\/fr.areas.com\/fr\/presse\/areas-installe-le-concept-neerlandais-la-place-en-france\/#webpage\",\"url\":\"https:\/\/fr.areas.com\/fr\/presse\/areas-installe-le-concept-neerlandais-la-place-en-france\/\",\"name\":\"Areas installe le concept n\\u00e9erlandais La Place en France - Areas | France\",\"isPartOf\":{\"@id\":\"https:\/\/fr.areas.com\/fr\/#website\"},\"datePublished\":\"2018-03-29T11:27:40+00:00\",\"dateModified\":\"2019-10-25T08:56:29+00:00\",\"author\":{\"@id\":\"https:\/\/fr.areas.com\/fr\/#\/schema\/person\/0cbf077cea064f4e05abf400e4dda034\"},\"breadcrumb\":{\"@id\":\"https:\/\/fr.areas.com\/fr\/presse\/areas-installe-le-concept-neerlandais-la-place-en-france\/#breadcrumb\"},\"inLanguage\":\"fr-FR\",\"potentialAction\":[{\"@type\":\"ReadAction\",\"target\":[\"https:\/\/fr.areas.com\/fr\/presse\/areas-installe-le-concept-neerlandais-la-place-en-france\/\"]}]},{\"@type\":\"BreadcrumbList\",\"@id\":\"https:\/\/fr.areas.com\/fr\/presse\/areas-installe-le-concept-neerlandais-la-place-en-france\/#breadcrumb\",\"itemListElement\":[{\"@type\":\"ListItem\",\"position\":1,\"name\":\"Home\",\"item\":\"https:\/\/fr.areas.com\/fr\/\"},{\"@type\":\"ListItem\",\"position\":2,\"name\":\"Areas installe le concept n\\u00e9erlandais La Place en France\"}]},{\"@type\":\"Person\",\"@id\":\"https:\/\/fr.areas.com\/fr\/#\/schema\/person\/0cbf077cea064f4e05abf400e4dda034\",\"name\":\"elvira\",\"image\":{\"@type\":\"ImageObject\",\"@id\":\"https:\/\/fr.areas.com\/fr\/#personlogo\",\"inLanguage\":\"fr-FR\",\"url\":\"https:\/\/secure.gravatar.com\/avatar\/1854ef9d4426f20554a3469d778275b7?s=96&d=mm&r=g\",\"contentUrl\":\"https:\/\/secure.gravatar.com\/avatar\/1854ef9d4426f20554a3469d778275b7?s=96&d=mm&r=g\",\"caption\":\"elvira\"},\"sameAs\":[\"https:\/\/twitter.com\/areas_ES\"]}]}<\/script>\n<!-- \/ Yoast SEO plugin. -->","yoast_head_json":{"title":"Areas installe le concept n\u00e9erlandais La Place en France - Areas | France","robots":{"index":"index","follow":"follow","max-snippet":"max-snippet:-1","max-image-preview":"max-image-preview:large","max-video-preview":"max-video-preview:-1"},"canonical":"https:\/\/fr.areas.com\/fr\/presse\/areas-installe-le-concept-neerlandais-la-place-en-france\/","og_locale":"fr_FR","og_type":"article","og_title":"Areas installe le concept n\u00e9erlandais La Place en France - Areas | France","og_description":"&nbsp; Les Pays-Bas connaissent un fort engouement pour les produits frais et de saison. Avec plus de 250 emplacements dans les villes, les centres commerciaux, les gares, les a\u00e9roports, les parcs d\u2019exposition, et les installations sportives et r\u00e9cr\u00e9atives, La Place r\u00e9pond parfaitement aux aspirations de consommateurs de plus en plus attentifs \u00e0 la fra\u00eecheur, la[...]","og_url":"https:\/\/fr.areas.com\/fr\/presse\/areas-installe-le-concept-neerlandais-la-place-en-france\/","og_site_name":"Areas | France","article_published_time":"2018-03-29T11:27:40+00:00","article_modified_time":"2019-10-25T08:56:29+00:00","twitter_card":"summary_large_image","twitter_creator":"@areas_ES","twitter_misc":{"Written by":"elvira","Est. reading time":"2 minutes"},"schema":{"@context":"https:\/\/schema.org","@graph":[{"@type":"WebSite","@id":"https:\/\/fr.areas.com\/fr\/#website","url":"https:\/\/fr.areas.com\/fr\/","name":"Areas | France","description":"","potentialAction":[{"@type":"SearchAction","target":{"@type":"EntryPoint","urlTemplate":"https:\/\/fr.areas.com\/fr\/?s={search_term_string}"},"query-input":"required name=search_term_string"}],"inLanguage":"fr-FR"},{"@type":"WebPage","@id":"https:\/\/fr.areas.com\/fr\/presse\/areas-installe-le-concept-neerlandais-la-place-en-france\/#webpage","url":"https:\/\/fr.areas.com\/fr\/presse\/areas-installe-le-concept-neerlandais-la-place-en-france\/","name":"Areas installe le concept n\u00e9erlandais La Place en France - Areas | France","isPartOf":{"@id":"https:\/\/fr.areas.com\/fr\/#website"},"datePublished":"2018-03-29T11:27:40+00:00","dateModified":"2019-10-25T08:56:29+00:00","author":{"@id":"https:\/\/fr.areas.com\/fr\/#\/schema\/person\/0cbf077cea064f4e05abf400e4dda034"},"breadcrumb":{"@id":"https:\/\/fr.areas.com\/fr\/presse\/areas-installe-le-concept-neerlandais-la-place-en-france\/#breadcrumb"},"inLanguage":"fr-FR","potentialAction":[{"@type":"ReadAction","target":["https:\/\/fr.areas.com\/fr\/presse\/areas-installe-le-concept-neerlandais-la-place-en-france\/"]}]},{"@type":"BreadcrumbList","@id":"https:\/\/fr.areas.com\/fr\/presse\/areas-installe-le-concept-neerlandais-la-place-en-france\/#breadcrumb","itemListElement":[{"@type":"ListItem","position":1,"name":"Home","item":"https:\/\/fr.areas.com\/fr\/"},{"@type":"ListItem","position":2,"name":"Areas installe le concept n\u00e9erlandais La Place en France"}]},{"@type":"Person","@id":"https:\/\/fr.areas.com\/fr\/#\/schema\/person\/0cbf077cea064f4e05abf400e4dda034","name":"elvira","image":{"@type":"ImageObject","@id":"https:\/\/fr.areas.com\/fr\/#personlogo","inLanguage":"fr-FR","url":"https:\/\/secure.gravatar.com\/avatar\/1854ef9d4426f20554a3469d778275b7?s=96&d=mm&r=g","contentUrl":"https:\/\/secure.gravatar.com\/avatar\/1854ef9d4426f20554a3469d778275b7?s=96&d=mm&r=g","caption":"elvira"},"sameAs":["https:\/\/twitter.com\/areas_ES"]}]}},"_links":{"self":[{"href":"https:\/\/fr.areas.com\/fr\/wp-json\/wp\/v2\/posts\/932"}],"collection":[{"href":"https:\/\/fr.areas.com\/fr\/wp-json\/wp\/v2\/posts"}],"about":[{"href":"https:\/\/fr.areas.com\/fr\/wp-json\/wp\/v2\/types\/post"}],"author":[{"embeddable":true,"href":"https:\/\/fr.areas.com\/fr\/wp-json\/wp\/v2\/users\/2"}],"replies":[{"embeddable":true,"href":"https:\/\/fr.areas.com\/fr\/wp-json\/wp\/v2\/comments?post=932"}],"version-history":[{"count":6,"href":"https:\/\/fr.areas.com\/fr\/wp-json\/wp\/v2\/posts\/932\/revisions"}],"predecessor-version":[{"id":1919,"href":"https:\/\/fr.areas.com\/fr\/wp-json\/wp\/v2\/posts\/932\/revisions\/1919"}],"wp:attachment":[{"href":"https:\/\/fr.areas.com\/fr\/wp-json\/wp\/v2\/media?parent=932"}],"wp:term":[{"taxonomy":"category","embeddable":true,"href":"https:\/\/fr.areas.com\/fr\/wp-json\/wp\/v2\/categories?post=932"},{"taxonomy":"post_tag","embeddable":true,"href":"https:\/\/fr.areas.com\/fr\/wp-json\/wp\/v2\/tags?post=932"}],"curies":[{"name":"wp","href":"https:\/\/api.w.org\/{rel}","templated":true}]}}