{"id":3277,"date":"2024-05-02T11:34:17","date_gmt":"2024-05-02T09:34:17","guid":{"rendered":"https:\/\/fr.areas.com\/?p=3277"},"modified":"2024-07-15T11:36:18","modified_gmt":"2024-07-15T09:36:18","slug":"areas-france-enrichit-son-portefeuille-de-marques-en-y-integrant-lenseigne-le-pain-quotidien","status":"publish","type":"post","link":"https:\/\/fr.areas.com\/fr\/presse\/areas-france-enrichit-son-portefeuille-de-marques-en-y-integrant-lenseigne-le-pain-quotidien\/","title":{"rendered":"Areas france enrichit son portefeuille de marques en y int\u00e9grant l\u2019enseigne Le Pain Quotidien."},"content":{"rendered":"","protected":false},"excerpt":{"rendered":"","protected":false},"author":45,"featured_media":3281,"comment_status":"open","ping_status":"open","sticky":false,"template":"","format":"standard","meta":[],"categories":[10,40,1],"tags":[],"acf":[],"yoast_head":"<!-- This site is optimized with the Yoast SEO plugin v17.6 - https:\/\/yoast.com\/wordpress\/plugins\/seo\/ -->\n<title>Areas | France - Presse - Le Pain Quotidien<\/title>\n<meta name=\"description\" content=\"Le Pain Quotidien int\u00e8gre Areas France et fait ainsi son entr\u00e9e sur le march\u00e9 du travel retail, pour la 1ere fois, en France.\" \/>\n<meta name=\"robots\" content=\"index, follow, max-snippet:-1, max-image-preview:large, max-video-preview:-1\" \/>\n<link rel=\"canonical\" href=\"https:\/\/fr.areas.com\/fr\/presse\/areas-france-enrichit-son-portefeuille-de-marques-en-y-integrant-lenseigne-le-pain-quotidien\/\" \/>\n<meta property=\"og:locale\" content=\"fr_FR\" \/>\n<meta property=\"og:type\" content=\"article\" \/>\n<meta property=\"og:title\" content=\"Areas | France - Presse - Le Pain Quotidien\" \/>\n<meta property=\"og:description\" content=\"Le Pain Quotidien int\u00e8gre Areas France et fait ainsi son entr\u00e9e sur le march\u00e9 du travel retail, pour la 1ere fois, en France.\" \/>\n<meta property=\"og:url\" content=\"https:\/\/fr.areas.com\/fr\/presse\/areas-france-enrichit-son-portefeuille-de-marques-en-y-integrant-lenseigne-le-pain-quotidien\/\" \/>\n<meta property=\"og:site_name\" content=\"Areas | France\" \/>\n<meta property=\"article:published_time\" content=\"2024-05-02T09:34:17+00:00\" \/>\n<meta property=\"article:modified_time\" content=\"2024-07-15T09:36:18+00:00\" \/>\n<meta property=\"og:image\" content=\"https:\/\/fr.areas.com\/wp-content\/uploads\/sites\/4\/2024\/07\/LPQ-site-web-scaled.jpg\" \/>\n\t<meta property=\"og:image:width\" content=\"1920\" \/>\n\t<meta property=\"og:image:height\" content=\"2560\" \/>\n<meta name=\"twitter:card\" content=\"summary_large_image\" \/>\n<meta name=\"twitter:label1\" content=\"Written by\" \/>\n\t<meta name=\"twitter:data1\" content=\"elisabethdesouance\" \/>\n<script type=\"application\/ld+json\" class=\"yoast-schema-graph\">{\"@context\":\"https:\/\/schema.org\",\"@graph\":[{\"@type\":\"WebSite\",\"@id\":\"https:\/\/fr.areas.com\/fr\/#website\",\"url\":\"https:\/\/fr.areas.com\/fr\/\",\"name\":\"Areas | France\",\"description\":\"\",\"potentialAction\":[{\"@type\":\"SearchAction\",\"target\":{\"@type\":\"EntryPoint\",\"urlTemplate\":\"https:\/\/fr.areas.com\/fr\/?s={search_term_string}\"},\"query-input\":\"required name=search_term_string\"}],\"inLanguage\":\"fr-FR\"},{\"@type\":\"ImageObject\",\"@id\":\"https:\/\/fr.areas.com\/fr\/presse\/areas-france-enrichit-son-portefeuille-de-marques-en-y-integrant-lenseigne-le-pain-quotidien\/#primaryimage\",\"inLanguage\":\"fr-FR\",\"url\":\"https:\/\/fr.areas.com\/wp-content\/uploads\/sites\/4\/2024\/07\/LPQ-site-web-scaled.jpg\",\"contentUrl\":\"https:\/\/fr.areas.com\/wp-content\/uploads\/sites\/4\/2024\/07\/LPQ-site-web-scaled.jpg\",\"width\":1920,\"height\":2560},{\"@type\":\"WebPage\",\"@id\":\"https:\/\/fr.areas.com\/fr\/presse\/areas-france-enrichit-son-portefeuille-de-marques-en-y-integrant-lenseigne-le-pain-quotidien\/#webpage\",\"url\":\"https:\/\/fr.areas.com\/fr\/presse\/areas-france-enrichit-son-portefeuille-de-marques-en-y-integrant-lenseigne-le-pain-quotidien\/\",\"name\":\"Areas | France - Presse - Le Pain Quotidien\",\"isPartOf\":{\"@id\":\"https:\/\/fr.areas.com\/fr\/#website\"},\"primaryImageOfPage\":{\"@id\":\"https:\/\/fr.areas.com\/fr\/presse\/areas-france-enrichit-son-portefeuille-de-marques-en-y-integrant-lenseigne-le-pain-quotidien\/#primaryimage\"},\"datePublished\":\"2024-05-02T09:34:17+00:00\",\"dateModified\":\"2024-07-15T09:36:18+00:00\",\"author\":{\"@id\":\"https:\/\/fr.areas.com\/fr\/#\/schema\/person\/4802055d46ff99d4dc791465336dbb3a\"},\"description\":\"Le Pain Quotidien int\\u00e8gre Areas France et fait ainsi son entr\\u00e9e sur le march\\u00e9 du travel retail, pour la 1ere fois, en France.\",\"breadcrumb\":{\"@id\":\"https:\/\/fr.areas.com\/fr\/presse\/areas-france-enrichit-son-portefeuille-de-marques-en-y-integrant-lenseigne-le-pain-quotidien\/#breadcrumb\"},\"inLanguage\":\"fr-FR\",\"potentialAction\":[{\"@type\":\"ReadAction\",\"target\":[\"https:\/\/fr.areas.com\/fr\/presse\/areas-france-enrichit-son-portefeuille-de-marques-en-y-integrant-lenseigne-le-pain-quotidien\/\"]}]},{\"@type\":\"BreadcrumbList\",\"@id\":\"https:\/\/fr.areas.com\/fr\/presse\/areas-france-enrichit-son-portefeuille-de-marques-en-y-integrant-lenseigne-le-pain-quotidien\/#breadcrumb\",\"itemListElement\":[{\"@type\":\"ListItem\",\"position\":1,\"name\":\"Home\",\"item\":\"https:\/\/fr.areas.com\/fr\/\"},{\"@type\":\"ListItem\",\"position\":2,\"name\":\"Areas france enrichit son portefeuille de marques en y int\\u00e9grant l\\u2019enseigne Le Pain Quotidien.\"}]},{\"@type\":\"Person\",\"@id\":\"https:\/\/fr.areas.com\/fr\/#\/schema\/person\/4802055d46ff99d4dc791465336dbb3a\",\"name\":\"elisabethdesouance\",\"image\":{\"@type\":\"ImageObject\",\"@id\":\"https:\/\/fr.areas.com\/fr\/#personlogo\",\"inLanguage\":\"fr-FR\",\"url\":\"https:\/\/secure.gravatar.com\/avatar\/b0fb73a7d4caeaa8a7ddce5faba4f9d6?s=96&d=mm&r=g\",\"contentUrl\":\"https:\/\/secure.gravatar.com\/avatar\/b0fb73a7d4caeaa8a7ddce5faba4f9d6?s=96&d=mm&r=g\",\"caption\":\"elisabethdesouance\"}}]}<\/script>\n<!-- \/ Yoast SEO plugin. -->","yoast_head_json":{"title":"Areas | France - Presse - Le Pain Quotidien","description":"Le Pain Quotidien int\u00e8gre Areas France et fait ainsi son entr\u00e9e sur le march\u00e9 du travel retail, pour la 1ere fois, en France.","robots":{"index":"index","follow":"follow","max-snippet":"max-snippet:-1","max-image-preview":"max-image-preview:large","max-video-preview":"max-video-preview:-1"},"canonical":"https:\/\/fr.areas.com\/fr\/presse\/areas-france-enrichit-son-portefeuille-de-marques-en-y-integrant-lenseigne-le-pain-quotidien\/","og_locale":"fr_FR","og_type":"article","og_title":"Areas | France - Presse - Le Pain Quotidien","og_description":"Le Pain Quotidien int\u00e8gre Areas France et fait ainsi son entr\u00e9e sur le march\u00e9 du travel retail, pour la 1ere fois, en France.","og_url":"https:\/\/fr.areas.com\/fr\/presse\/areas-france-enrichit-son-portefeuille-de-marques-en-y-integrant-lenseigne-le-pain-quotidien\/","og_site_name":"Areas | France","article_published_time":"2024-05-02T09:34:17+00:00","article_modified_time":"2024-07-15T09:36:18+00:00","og_image":[{"width":1920,"height":2560,"url":"https:\/\/fr.areas.com\/wp-content\/uploads\/sites\/4\/2024\/07\/LPQ-site-web-scaled.jpg","type":"image\/jpeg"}],"twitter_card":"summary_large_image","twitter_misc":{"Written by":"elisabethdesouance"},"schema":{"@context":"https:\/\/schema.org","@graph":[{"@type":"WebSite","@id":"https:\/\/fr.areas.com\/fr\/#website","url":"https:\/\/fr.areas.com\/fr\/","name":"Areas | France","description":"","potentialAction":[{"@type":"SearchAction","target":{"@type":"EntryPoint","urlTemplate":"https:\/\/fr.areas.com\/fr\/?s={search_term_string}"},"query-input":"required name=search_term_string"}],"inLanguage":"fr-FR"},{"@type":"ImageObject","@id":"https:\/\/fr.areas.com\/fr\/presse\/areas-france-enrichit-son-portefeuille-de-marques-en-y-integrant-lenseigne-le-pain-quotidien\/#primaryimage","inLanguage":"fr-FR","url":"https:\/\/fr.areas.com\/wp-content\/uploads\/sites\/4\/2024\/07\/LPQ-site-web-scaled.jpg","contentUrl":"https:\/\/fr.areas.com\/wp-content\/uploads\/sites\/4\/2024\/07\/LPQ-site-web-scaled.jpg","width":1920,"height":2560},{"@type":"WebPage","@id":"https:\/\/fr.areas.com\/fr\/presse\/areas-france-enrichit-son-portefeuille-de-marques-en-y-integrant-lenseigne-le-pain-quotidien\/#webpage","url":"https:\/\/fr.areas.com\/fr\/presse\/areas-france-enrichit-son-portefeuille-de-marques-en-y-integrant-lenseigne-le-pain-quotidien\/","name":"Areas | France - Presse - Le Pain Quotidien","isPartOf":{"@id":"https:\/\/fr.areas.com\/fr\/#website"},"primaryImageOfPage":{"@id":"https:\/\/fr.areas.com\/fr\/presse\/areas-france-enrichit-son-portefeuille-de-marques-en-y-integrant-lenseigne-le-pain-quotidien\/#primaryimage"},"datePublished":"2024-05-02T09:34:17+00:00","dateModified":"2024-07-15T09:36:18+00:00","author":{"@id":"https:\/\/fr.areas.com\/fr\/#\/schema\/person\/4802055d46ff99d4dc791465336dbb3a"},"description":"Le Pain Quotidien int\u00e8gre Areas France et fait ainsi son entr\u00e9e sur le march\u00e9 du travel retail, pour la 1ere fois, en France.","breadcrumb":{"@id":"https:\/\/fr.areas.com\/fr\/presse\/areas-france-enrichit-son-portefeuille-de-marques-en-y-integrant-lenseigne-le-pain-quotidien\/#breadcrumb"},"inLanguage":"fr-FR","potentialAction":[{"@type":"ReadAction","target":["https:\/\/fr.areas.com\/fr\/presse\/areas-france-enrichit-son-portefeuille-de-marques-en-y-integrant-lenseigne-le-pain-quotidien\/"]}]},{"@type":"BreadcrumbList","@id":"https:\/\/fr.areas.com\/fr\/presse\/areas-france-enrichit-son-portefeuille-de-marques-en-y-integrant-lenseigne-le-pain-quotidien\/#breadcrumb","itemListElement":[{"@type":"ListItem","position":1,"name":"Home","item":"https:\/\/fr.areas.com\/fr\/"},{"@type":"ListItem","position":2,"name":"Areas france enrichit son portefeuille de marques en y int\u00e9grant l\u2019enseigne Le Pain Quotidien."}]},{"@type":"Person","@id":"https:\/\/fr.areas.com\/fr\/#\/schema\/person\/4802055d46ff99d4dc791465336dbb3a","name":"elisabethdesouance","image":{"@type":"ImageObject","@id":"https:\/\/fr.areas.com\/fr\/#personlogo","inLanguage":"fr-FR","url":"https:\/\/secure.gravatar.com\/avatar\/b0fb73a7d4caeaa8a7ddce5faba4f9d6?s=96&d=mm&r=g","contentUrl":"https:\/\/secure.gravatar.com\/avatar\/b0fb73a7d4caeaa8a7ddce5faba4f9d6?s=96&d=mm&r=g","caption":"elisabethdesouance"}}]}},"_links":{"self":[{"href":"https:\/\/fr.areas.com\/fr\/wp-json\/wp\/v2\/posts\/3277"}],"collection":[{"href":"https:\/\/fr.areas.com\/fr\/wp-json\/wp\/v2\/posts"}],"about":[{"href":"https:\/\/fr.areas.com\/fr\/wp-json\/wp\/v2\/types\/post"}],"author":[{"embeddable":true,"href":"https:\/\/fr.areas.com\/fr\/wp-json\/wp\/v2\/users\/45"}],"replies":[{"embeddable":true,"href":"https:\/\/fr.areas.com\/fr\/wp-json\/wp\/v2\/comments?post=3277"}],"version-history":[{"count":3,"href":"https:\/\/fr.areas.com\/fr\/wp-json\/wp\/v2\/posts\/3277\/revisions"}],"predecessor-version":[{"id":3284,"href":"https:\/\/fr.areas.com\/fr\/wp-json\/wp\/v2\/posts\/3277\/revisions\/3284"}],"wp:featuredmedia":[{"embeddable":true,"href":"https:\/\/fr.areas.com\/fr\/wp-json\/wp\/v2\/media\/3281"}],"wp:attachment":[{"href":"https:\/\/fr.areas.com\/fr\/wp-json\/wp\/v2\/media?parent=3277"}],"wp:term":[{"taxonomy":"category","embeddable":true,"href":"https:\/\/fr.areas.com\/fr\/wp-json\/wp\/v2\/categories?post=3277"},{"taxonomy":"post_tag","embeddable":true,"href":"https:\/\/fr.areas.com\/fr\/wp-json\/wp\/v2\/tags?post=3277"}],"curies":[{"name":"wp","href":"https:\/\/api.w.org\/{rel}","templated":true}]}}